{"id":470,"date":"2025-07-23T20:56:12","date_gmt":"2025-07-23T20:56:12","guid":{"rendered":"https:\/\/gflawoffices.com\/es\/?p=470"},"modified":"2026-06-03T14:51:15","modified_gmt":"2026-06-03T14:51:15","slug":"resultado-del-caso-1-millon-de-dolares-por-accidente-de-camion-comercial","status":"publish","type":"post","link":"https:\/\/gflawoffices.com\/es\/blog\/resultado-del-caso-1-millon-de-dolares-por-accidente-de-camion-comercial\/","title":{"rendered":"Resultado del caso: 1 mill\u00f3n de d\u00f3lares por accidente de cami\u00f3n comercial"},"content":{"rendered":"<p>Law Farah se complace en anunciar que ha recuperado 1 mill\u00f3n de d\u00f3lares para su cliente, cuya vida cambi\u00f3 en un instante tras sufrir un accidente de tr\u00e1fico comercial que le provoc\u00f3 una fractura de tobillo, dos roturas del manguito rotador, una hernia y lesiones en la columna vertebral. Asumimos la lucha y ganamos. Una indemnizaci\u00f3n de 1 mill\u00f3n de d\u00f3lares que supone justicia y alivio reales. Si ha sufrido lesiones graves, en Farah Law estamos preparados para hacer lo mismo por usted.<\/p>\n","protected":false},"excerpt":{"rendered":"<p>Law Farah se complace en anunciar que ha recuperado 1 mill\u00f3n de d\u00f3lares para su cliente, cuya vida cambi\u00f3 en un instante tras sufrir un accidente de tr\u00e1fico comercial que le provoc\u00f3 una fractura de tobillo, dos roturas del manguito&#8230;<\/p>\n","protected":false},"author":3,"featured_media":638,"comment_status":"open","ping_status":"open","sticky":false,"template":"","format":"standard","meta":{"_acf_changed":false,"footnotes":""},"categories":[9],"tags":[7],"class_list":["post-470","post","type-post","status-publish","format-standard","has-post-thumbnail","hentry","category-accidentes-de-camion","tag-resultados-de-casos"],"yoast_head":"<!-- This site is optimized with the Yoast SEO Premium plugin v28.3 (Yoast SEO v28.3) - https:\/\/yoast.com\/product\/yoast-seo-premium-wordpress\/ -->\n<title>Resultado del caso: 1 mill\u00f3n de d\u00f3lares por accidente de cami\u00f3n comercial<\/title>\n<meta name=\"robots\" content=\"noindex, follow\" \/>\n<meta property=\"og:locale\" content=\"es_MX\" \/>\n<meta property=\"og:type\" content=\"article\" \/>\n<meta property=\"og:title\" content=\"Resultado del caso: 1 mill\u00f3n de d\u00f3lares por accidente de cami\u00f3n comercial\" \/>\n<meta property=\"og:description\" content=\"Law Farah se complace en anunciar que ha recuperado 1 mill\u00f3n de d\u00f3lares para su cliente, cuya vida cambi\u00f3 en un instante tras sufrir un accidente de tr\u00e1fico comercial que le provoc\u00f3 una fractura de tobillo, dos roturas del manguito...\" \/>\n<meta property=\"og:url\" content=\"https:\/\/gflawoffices.com\/es\/blog\/resultado-del-caso-1-millon-de-dolares-por-accidente-de-camion-comercial\/\" \/>\n<meta property=\"og:site_name\" content=\"Farah Law Spanish\" \/>\n<meta property=\"article:published_time\" content=\"2025-07-23T20:56:12+00:00\" \/>\n<meta property=\"article:modified_time\" content=\"2026-06-03T14:51:15+00:00\" \/>\n<meta property=\"og:image\" content=\"https:\/\/gflawoffices.com\/es\/wp-content\/uploads\/sites\/2\/2025\/09\/Farah-Resultado-de-caso.png\" \/>\n\t<meta property=\"og:image:width\" content=\"750\" \/>\n\t<meta property=\"og:image:height\" content=\"500\" \/>\n\t<meta property=\"og:image:type\" content=\"image\/png\" \/>\n<meta name=\"author\" content=\"George Farah\" \/>\n<meta name=\"twitter:card\" content=\"summary_large_image\" \/>\n<meta name=\"twitter:label1\" content=\"Escrito por\" \/>\n\t<meta name=\"twitter:data1\" content=\"George Farah\" \/>\n\t<meta name=\"twitter:label2\" content=\"Tiempo de lectura\" \/>\n\t<meta name=\"twitter:data2\" content=\"1 minuto\" \/>\n<!-- \/ Yoast SEO Premium plugin. -->","yoast_head_json":{"title":"Resultado del caso: 1 mill\u00f3n de d\u00f3lares por accidente de cami\u00f3n comercial","robots":{"index":"noindex","follow":"follow"},"og_locale":"es_MX","og_type":"article","og_title":"Resultado del caso: 1 mill\u00f3n de d\u00f3lares por accidente de cami\u00f3n comercial","og_description":"Law Farah se complace en anunciar que ha recuperado 1 mill\u00f3n de d\u00f3lares para su cliente, cuya vida cambi\u00f3 en un instante tras sufrir un accidente de tr\u00e1fico comercial que le provoc\u00f3 una fractura de tobillo, dos roturas del manguito...","og_url":"https:\/\/gflawoffices.com\/es\/blog\/resultado-del-caso-1-millon-de-dolares-por-accidente-de-camion-comercial\/","og_site_name":"Farah Law Spanish","article_published_time":"2025-07-23T20:56:12+00:00","article_modified_time":"2026-06-03T14:51:15+00:00","og_image":[{"width":750,"height":500,"url":"https:\/\/gflawoffices.com\/es\/wp-content\/uploads\/sites\/2\/2025\/09\/Farah-Resultado-de-caso.png","type":"image\/png"}],"author":"George Farah","twitter_card":"summary_large_image","twitter_misc":{"Escrito por":"George Farah","Tiempo de lectura":"1 minuto"},"schema":{"@context":"https:\/\/schema.org","@graph":[{"@type":"Article","@id":"https:\/\/gflawoffices.com\/es\/blog\/resultado-del-caso-1-millon-de-dolares-por-accidente-de-camion-comercial\/#article","isPartOf":{"@id":"https:\/\/gflawoffices.com\/es\/blog\/resultado-del-caso-1-millon-de-dolares-por-accidente-de-camion-comercial\/"},"author":{"name":"George Farah","@id":"https:\/\/gflawoffices.com\/es\/#\/schema\/person\/3102ac485a1ded720002cdf58fdb1a30"},"headline":"Resultado del caso: 1 mill\u00f3n de d\u00f3lares por accidente de cami\u00f3n comercial","datePublished":"2025-07-23T20:56:12+00:00","dateModified":"2026-06-03T14:51:15+00:00","mainEntityOfPage":{"@id":"https:\/\/gflawoffices.com\/es\/blog\/resultado-del-caso-1-millon-de-dolares-por-accidente-de-camion-comercial\/"},"wordCount":101,"commentCount":0,"image":{"@id":"https:\/\/gflawoffices.com\/es\/blog\/resultado-del-caso-1-millon-de-dolares-por-accidente-de-camion-comercial\/#primaryimage"},"thumbnailUrl":"https:\/\/gflawoffices.com\/es\/wp-content\/uploads\/sites\/2\/2025\/09\/Farah-Resultado-de-caso.png","keywords":["Resultados de casos"],"articleSection":["Accidentes de cami\u00f3n"],"inLanguage":"es","potentialAction":[{"@type":"CommentAction","name":"Comment","target":["https:\/\/gflawoffices.com\/es\/blog\/resultado-del-caso-1-millon-de-dolares-por-accidente-de-camion-comercial\/#respond"]}]},{"@type":"WebPage","@id":"https:\/\/gflawoffices.com\/es\/blog\/resultado-del-caso-1-millon-de-dolares-por-accidente-de-camion-comercial\/","url":"https:\/\/gflawoffices.com\/es\/blog\/resultado-del-caso-1-millon-de-dolares-por-accidente-de-camion-comercial\/","name":"Resultado del caso: 1 mill\u00f3n de d\u00f3lares por accidente de cami\u00f3n comercial","isPartOf":{"@id":"https:\/\/gflawoffices.com\/es\/#website"},"primaryImageOfPage":{"@id":"https:\/\/gflawoffices.com\/es\/blog\/resultado-del-caso-1-millon-de-dolares-por-accidente-de-camion-comercial\/#primaryimage"},"image":{"@id":"https:\/\/gflawoffices.com\/es\/blog\/resultado-del-caso-1-millon-de-dolares-por-accidente-de-camion-comercial\/#primaryimage"},"thumbnailUrl":"https:\/\/gflawoffices.com\/es\/wp-content\/uploads\/sites\/2\/2025\/09\/Farah-Resultado-de-caso.png","datePublished":"2025-07-23T20:56:12+00:00","dateModified":"2026-06-03T14:51:15+00:00","author":{"@id":"https:\/\/gflawoffices.com\/es\/#\/schema\/person\/3102ac485a1ded720002cdf58fdb1a30"},"breadcrumb":{"@id":"https:\/\/gflawoffices.com\/es\/blog\/resultado-del-caso-1-millon-de-dolares-por-accidente-de-camion-comercial\/#breadcrumb"},"inLanguage":"es","potentialAction":[{"@type":"ReadAction","target":["https:\/\/gflawoffices.com\/es\/blog\/resultado-del-caso-1-millon-de-dolares-por-accidente-de-camion-comercial\/"]}]},{"@type":"ImageObject","inLanguage":"es","@id":"https:\/\/gflawoffices.com\/es\/blog\/resultado-del-caso-1-millon-de-dolares-por-accidente-de-camion-comercial\/#primaryimage","url":"https:\/\/gflawoffices.com\/es\/wp-content\/uploads\/sites\/2\/2025\/09\/Farah-Resultado-de-caso.png","contentUrl":"https:\/\/gflawoffices.com\/es\/wp-content\/uploads\/sites\/2\/2025\/09\/Farah-Resultado-de-caso.png","width":750,"height":500},{"@type":"BreadcrumbList","@id":"https:\/\/gflawoffices.com\/es\/blog\/resultado-del-caso-1-millon-de-dolares-por-accidente-de-camion-comercial\/#breadcrumb","itemListElement":[{"@type":"ListItem","position":1,"name":"Home","item":"https:\/\/gflawoffices.com\/es\/"},{"@type":"ListItem","position":2,"name":"Resultado del caso: 1 mill\u00f3n de d\u00f3lares por accidente de cami\u00f3n comercial"}]},{"@type":"WebSite","@id":"https:\/\/gflawoffices.com\/es\/#website","url":"https:\/\/gflawoffices.com\/es\/","name":"Farah Law Spanish","description":"","potentialAction":[{"@type":"SearchAction","target":{"@type":"EntryPoint","urlTemplate":"https:\/\/gflawoffices.com\/es\/?s={search_term_string}"},"query-input":{"@type":"PropertyValueSpecification","valueRequired":true,"valueName":"search_term_string"}}],"inLanguage":"es"},{"@type":"Person","@id":"https:\/\/gflawoffices.com\/es\/#\/schema\/person\/3102ac485a1ded720002cdf58fdb1a30","name":"George Farah","image":{"@type":"ImageObject","inLanguage":"es","@id":"https:\/\/secure.gravatar.com\/avatar\/42338c916671c48b7d5bc89701d546b38d75229be382402b9e1c45b95285c29e?s=96&d=mm&r=g","url":"https:\/\/secure.gravatar.com\/avatar\/42338c916671c48b7d5bc89701d546b38d75229be382402b9e1c45b95285c29e?s=96&d=mm&r=g","contentUrl":"https:\/\/secure.gravatar.com\/avatar\/42338c916671c48b7d5bc89701d546b38d75229be382402b9e1c45b95285c29e?s=96&d=mm&r=g","caption":"George Farah"},"sameAs":["https:\/\/wordpress-628352-5201394.cloudwaysapps.com\/lawyers\/george-farah\/"],"url":"https:\/\/gflawoffices.com\/es\/blog\/author\/farahlaw\/"}]}},"acf":[],"_links":{"self":[{"href":"https:\/\/gflawoffices.com\/es\/wp-json\/wp\/v2\/posts\/470","targetHints":{"allow":["GET"]}}],"collection":[{"href":"https:\/\/gflawoffices.com\/es\/wp-json\/wp\/v2\/posts"}],"about":[{"href":"https:\/\/gflawoffices.com\/es\/wp-json\/wp\/v2\/types\/post"}],"author":[{"embeddable":true,"href":"https:\/\/gflawoffices.com\/es\/wp-json\/wp\/v2\/users\/3"}],"replies":[{"embeddable":true,"href":"https:\/\/gflawoffices.com\/es\/wp-json\/wp\/v2\/comments?post=470"}],"version-history":[{"count":3,"href":"https:\/\/gflawoffices.com\/es\/wp-json\/wp\/v2\/posts\/470\/revisions"}],"predecessor-version":[{"id":694,"href":"https:\/\/gflawoffices.com\/es\/wp-json\/wp\/v2\/posts\/470\/revisions\/694"}],"wp:featuredmedia":[{"embeddable":true,"href":"https:\/\/gflawoffices.com\/es\/wp-json\/wp\/v2\/media\/638"}],"wp:attachment":[{"href":"https:\/\/gflawoffices.com\/es\/wp-json\/wp\/v2\/media?parent=470"}],"wp:term":[{"taxonomy":"category","embeddable":true,"href":"https:\/\/gflawoffices.com\/es\/wp-json\/wp\/v2\/categories?post=470"},{"taxonomy":"post_tag","embeddable":true,"href":"https:\/\/gflawoffices.com\/es\/wp-json\/wp\/v2\/tags?post=470"}],"curies":[{"name":"wp","href":"https:\/\/api.w.org\/{rel}","templated":true}]}}